{"id":7806,"date":"2022-10-04T05:30:00","date_gmt":"2022-10-04T09:30:00","guid":{"rendered":"https:\/\/www.cos-sco.ca\/?p=7806"},"modified":"2025-11-17T11:08:36","modified_gmt":"2025-11-17T16:08:36","slug":"un-sondage-conjoint-souligne-la-necessite-absolue-de-se-doter-dune-strategie-canadienne-sur-les-soins-oculaires-pour-sattaquer-aux-enjeux-de-sante-visuelle","status":"publish","type":"post","link":"https:\/\/www.cos-sco.ca\/fr\/un-sondage-conjoint-souligne-la-necessite-absolue-de-se-doter-dune-strategie-canadienne-sur-les-soins-oculaires-pour-sattaquer-aux-enjeux-de-sante-visuelle\/","title":{"rendered":"Un sondage conjoint souligne la n\u00e9cessit\u00e9 absolue de se doter d\u2019une strat\u00e9gie canadienne sur les soins oculaires pour s\u2019attaquer aux enjeux de sant\u00e9 visuelle"},"content":{"rendered":"\n<p><em>La Soci\u00e9t\u00e9 canadienne d&rsquo;ophtalmologie et l\u2019Association canadienne des optom\u00e9tristes s\u2019associent en appui \u00e0 un projet de loi \u00e9manant d\u2019une d\u00e9put\u00e9e pour la cr\u00e9ation d\u2019un bureau pour la sant\u00e9 visuelle<\/em>&nbsp;<\/p>\n\n\n\n<p><strong>Toronto (Ontario), <\/strong><strong>4<\/strong><strong> octobre 2022 \u2013 <\/strong>En pr\u00e9vision de la Journ\u00e9e mondiale de la vue, qui aura lieu le 13 octobre, la Soci\u00e9t\u00e9 canadienne d\u2019ophtalmologie et l\u2019Association canadienne des optom\u00e9tristes ont collabor\u00e9 pour la premi\u00e8re fois dans le cadre d\u2019un sondage conjoint de recherche sur l\u2019acc\u00e8s dans le domaine de la sant\u00e9 visuelle. Le sondage s\u2019inscrit dans le cadre d\u2019un partenariat continu qui appuiera les progr\u00e8s r\u00e9alis\u00e9s par le gouvernement f\u00e9d\u00e9ral pour la cr\u00e9ation d\u2019une strat\u00e9gie nationale en mati\u00e8re de soins oculaires, d\u00e9finira les lacunes dans le syst\u00e8me et orientera les interventions futures dans un effort visant \u00e0 coordonner et \u00e0 aborder les enjeux de sant\u00e9 visuelle partout au pays.&nbsp;&nbsp;<\/p>\n\n\n\n<p>Alors que le sondage a r\u00e9v\u00e9l\u00e9 certains enjeux se rapportant \u00e0 l\u2019acc\u00e8s aux soins oculaires, principalement provoqu\u00e9s par la pand\u00e9mie, il a \u00e9galement mis en \u00e9vidence de plus grands d\u00e9fis, y compris un manque de compr\u00e9hension des Canadiens concernant leur sant\u00e9 oculaire. Parmi ceux n\u2019ayant pas consult\u00e9 un professionnel des soins oculovisuels en plus de deux ans, plus d\u2019un tiers (37\u202f%) des r\u00e9pondants ont indiqu\u00e9 comme principale raison qu\u2019ils ne croyaient pas avoir de probl\u00e8me de vision. Entre temps, au cours des deux derni\u00e8res ann\u00e9es, deux Canadiens sur cinq (41\u202f%) ont v\u00e9cu ou ont re\u00e7u un diagnostic concernant un ou plusieurs changements \u00e0 leur sant\u00e9 oculaire qui n\u00e9cessiteraient un examen complet, ce qui r\u00e9v\u00e8le un besoin accru de sensibilisation \u00e0 propos des maladies oculaires et de la perte de vision.&nbsp;<\/p>\n\n\n\n<p>\u00ab\u202fBien que la c\u00e9cit\u00e9 soit le handicap le plus craint par la vaste majorit\u00e9 des Canadiens, nous observons un manque persistent de sensibilisation \u00e0 propos de la sant\u00e9 oculaire, plus pr\u00e9cis\u00e9ment en ce qui concerne les principales maladies oculaires qui augmentent le risque de c\u00e9cit\u00e9 sans une intervention appropri\u00e9e\u202f\u00bb, affirme le D<sup>r<\/sup> Phil Hooper, pr\u00e9sident de la Soci\u00e9t\u00e9 canadienne d&rsquo;ophtalmologie. Une perte de vision entra\u00eene des co\u00fbts importants sur le plan individuel, mais \u00e9galement pour la sant\u00e9 publique. Toutefois, 75\u202f% des d\u00e9ficiences visuelles sont \u00e9vitables si elles sont d\u00e9tect\u00e9es et trait\u00e9es de fa\u00e7on pr\u00e9coce, tout en r\u00e9duisant les d\u00e9penses gouvernementales \u00e0 long terme.\u202f\u00bb&nbsp;&nbsp;<\/p>\n\n\n\n<p><strong>Connaissance qu\u2019ont les Canadiens des maladies oculaires&nbsp;<\/strong>&nbsp;<\/p>\n\n\n\n<p>Les r\u00e9sultats du sondage r\u00e9v\u00e8lent qu\u2019il faut renseigner et sensibiliser davantage les Canadiens \u00e0 propos de la sant\u00e9 oculaire et des maladies oculaires afin qu\u2019ils puissent bien comprendre l\u2019importance de subir r\u00e9guli\u00e8rement un examen de la vue complet.&nbsp;&nbsp;&nbsp;<\/p>\n\n\n\n<p>Lorsqu\u2019il s\u2019agit des connaissances qu\u2019ont les Canadiens des principales maladies oculaires, leur sensibilisation demeure la m\u00eame que lors du sondage r\u00e9alis\u00e9 l\u2019an dernier par la Soci\u00e9t\u00e9 canadienne d\u2019ophtalmologie. La plupart d\u2019entre eux (62\u202f%) connaissent les cataractes, et pourtant seulement un quart (27\u202f%) des Canadiens savent que les cataractes constituent la principale cause de c\u00e9cit\u00e9 au pays. Moins de la moiti\u00e9 (47\u202f%) connaissent le glaucome (ce nombre diminue \u00e0 37\u202f% pour les Canadiens plus jeunes \u00e2g\u00e9s de 18 \u00e0 34 ans). Entre temps, seuls 39\u202f% connaissent la d\u00e9g\u00e9n\u00e9rescence maculaire li\u00e9e \u00e0 l\u2019\u00e2ge (DMLA), qui constitue la deuxi\u00e8me cause principale de c\u00e9cit\u00e9 et qui touche pr\u00e8s de deux millions de Canadiens. Un nombre moins \u00e9lev\u00e9 de Canadiens connaissent la r\u00e9tinopathie diab\u00e9tique (22\u202f%) et le syndrome de l&rsquo;\u0153il sec associ\u00e9 aux lentilles corn\u00e9ennes (26\u202f%).&nbsp;<\/p>\n\n\n\n<p>\u00ab\u202fLes maladies pouvant causer la c\u00e9cit\u00e9 touchent les adultes plus \u00e2g\u00e9s (55 ans et plus) \u00e0 des taux beaucoup plus \u00e9lev\u00e9s, et \u00e0 mesure que la population canadienne vieillit, le nombre de personnes touch\u00e9es par une d\u00e9ficience visuelle augmentera, d\u00e9clare Fran\u00e7ois Couillard, directeur g\u00e9n\u00e9ral de l\u2019Association canadienne des optom\u00e9tristes. \u00c9tant donn\u00e9 l\u2019importance de la sant\u00e9 visuelle et de ses cons\u00e9quences sur les d\u00e9penses en sant\u00e9 publique, le gouvernement du Canada joue un r\u00f4le essentiel dans l\u2019\u00e9laboration de politiques en mati\u00e8re de sant\u00e9 visuelle, et tous ceux qui participent \u00e0 la prestation de services de sant\u00e9 oculaire ont un r\u00f4le \u00e0 jouer pour appuyer un r\u00e9sultat favorable et doivent s&rsquo;engager \u00e0 collaborer en permanence \u00e0 la r\u00e9alisation de ces objectifs.\u202f\u00bb&nbsp;&nbsp;<\/p>\n\n\n\n<p>Les r\u00e9sultats du sondage soulignent la n\u00e9cessit\u00e9 absolue de cr\u00e9er un Bureau national de la sant\u00e9 visuelle \u00e0 l\u2019Agence de la sant\u00e9 publique du Canada qui \u00e9laborera et mettra en \u0153uvre une strat\u00e9gie nationale en mati\u00e8re de vision. En juin dernier, l\u2019honorable Judy Sgro, d\u00e9put\u00e9e f\u00e9d\u00e9rale de Humber River \u2013 Black Creek, a pr\u00e9sent\u00e9 un projet de loi \u00e9manant des d\u00e9put\u00e9s intitul\u00e9 \u00ab\u202f<em>Loi pr\u00e9voyant l\u2019\u00e9laboration d\u2019une strat\u00e9gie nationale sur les soins oculaires<\/em>.\u202f\u00bb Le Bureau national de la sant\u00e9 visuelle s\u2019occuperait d\u2019\u00e9laborer et de mettre en \u0153uvre une strat\u00e9gie en mati\u00e8re de vision fond\u00e9e sur des donn\u00e9es probantes incluant un financement accru de la recherche, un financement pour l\u2019\u00e9ducation et le soutien du public, une simplification du processus d\u2019approbation pour de nouveaux m\u00e9dicaments et technologies visant \u00e0 traiter ou pr\u00e9venir la perte de vision, ainsi qu\u2019un acc\u00e8s am\u00e9lior\u00e9 aux soins pour les populations vuln\u00e9rables, y compris les populations autochtones, les enfants et les a\u00een\u00e9s.&nbsp;&nbsp;&nbsp;<\/p>\n\n\n\n<p>Pour en savoir plus sur les quatre principales maladies oculaires et obtenir des renseignements sur la sant\u00e9 oculaire en g\u00e9n\u00e9ral, visitez <a href=\"https:\/\/www.seethepossibilities.ca\/?lang=fr\" target=\"_blank\" rel=\"noreferrer noopener\">voirlespossibilites.ca<\/a> ou la <a href=\"https:\/\/opto.ca\/fr\/bibliotheque-sante-oculovisuelle\" target=\"_blank\" rel=\"noreferrer noopener\">Biblioth\u00e8que sur la sant\u00e9 oculovisuelle<\/a>.<\/p>\n\n\n\n<p><strong>-30-<\/strong>&nbsp;<\/p>\n\n\n\n<p><strong>\u00c0 propos du sondage<\/strong>&nbsp;<\/p>\n\n\n\n<p>Un sondage en ligne a \u00e9t\u00e9 r\u00e9alis\u00e9 aupr\u00e8s de 2\u202f003 Canadiens \u00e2g\u00e9s de 18 ans et plus entre le 10 et le 21 juin 2022 \u00e0 l\u2019aide du panel en ligne de L\u00e9ger. Aucune marge d\u2019erreur ne peut \u00eatre associ\u00e9e \u00e0 un \u00e9chantillon non probabiliste (c.-\u00e0-d., un panel Web dans le cas pr\u00e9sent). Toutefois, \u00e0 titre comparatif, un \u00e9chantillon al\u00e9atoire de 2\u202f003 r\u00e9pondants aurait une marge d\u2019erreur de \u00b12,2\u202f%, 19 fois sur 20. Le panel en ligne de L\u00e9ger compte environ 400\u202f000 membres \u00e0 l\u2019\u00e9chelle nationale et a un taux de r\u00e9tention de 90\u202f%.&nbsp;<\/p>\n\n\n\n<p><strong>\u00c0 propos de la Soci\u00e9t\u00e9 canadienne d&rsquo;ophtalmologie<\/strong>&nbsp;<\/p>\n\n\n\n<p>La Soci\u00e9t\u00e9 canadienne d\u2019ophtalmologie (SCO) est l\u2019autorit\u00e9 nationale reconnue en mati\u00e8re de soins oculaires et visuels au Canada. En tant que m\u00e9decins et chirurgiens ophtalmologistes, ses membres veillent \u00e0 ce que la population canadienne re\u00e7oive les meilleurs soins oculaires m\u00e9dicaux et chirurgicaux possible, en encourageant la poursuite de l\u2019excellence en ophtalmologie et en procurant des services de soutien \u00e0 nos membres en exercice. La SCO regroupe plus de 900 ophtalmologistes et 200 m\u00e9decins r\u00e9sidents en ophtalmologie. Nous collaborons avec le gouvernement, d\u2019autres soci\u00e9t\u00e9s de sursp\u00e9cialit\u00e9 nationales et internationales, nos collectivit\u00e9s universitaires (ACUPO), nos partenaires provinciaux et soci\u00e9t\u00e9s affili\u00e9es et d\u2019autres professionnels des soins oculaires et groupes de patients pour promouvoir une politique en mati\u00e8re de sant\u00e9 oculaire et visuelle au Canada. La SCO est prestataire agr\u00e9\u00e9e et prim\u00e9e de d\u00e9veloppement professionnel continu (DPC) dans le cadre du programme du Coll\u00e8ge royal des m\u00e9decins et chirurgiens du Canada (CRMCC). Elle est en outre affili\u00e9e \u00e0 l\u2019Association m\u00e9dicale canadienne (AMC). Pour de plus amples renseignements, visitez le site cos-sco.ca.&nbsp;<\/p>\n\n\n\n<p><strong>Pour les demandes m\u00e9diatiques concernant la Soci\u00e9t\u00e9 canadienne d&rsquo;ophtalmologie, veuillez communiquer avec :<\/strong>&nbsp;<\/p>\n\n\n\n<p>Bojana Duric, bduric@blueskycommunications.com, BlueSky Communications&nbsp;<\/p>\n\n\n\n<p><strong>\u00c0 propos de l\u2019Association canadienne des optom\u00e9tristes&nbsp;<\/strong>&nbsp;<\/p>\n\n\n\n<p>Les optom\u00e9tristes sont des fournisseurs autonomes de soins de sant\u00e9 primaires et les repr\u00e9sentants de premi\u00e8re ligne en mati\u00e8re de sant\u00e9 visuelle. Les optom\u00e9tristes exercent dans diff\u00e9rents milieux de pratique : la plupart \u0153uvrent dans des cabinets priv\u00e9s, les autres, dans des cliniques, des h\u00f4pitaux, des centres de sant\u00e9 communautaires, au sein de regroupements d\u2019optom\u00e9tristes, ou ils effectuent de la recherche, enseignent et s\u2019acquittent de t\u00e2ches administratives. L\u2019Association canadienne des optom\u00e9tristes (ACO) est la voix nationale de l\u2019optom\u00e9trie. Reconnue au pays et \u00e0 l\u2019\u00e9chelle internationale \u00e0 titre de principal organisme d\u00e9fenseur de la profession, l\u2019Association se consacre \u00e0 offrir leadership et soutien \u00e0 plus de 5\u202f700 membres afin d\u2019am\u00e9liorer la r\u00e9alisation de sa vision\u202f: des yeux en sant\u00e9, une vision claire pour tous les Canadiens et toutes les Canadiennes. Pour de plus amples renseignements, visitez https:\/\/opto.ca\/fr.&nbsp;&nbsp;&nbsp;&nbsp;&nbsp;<\/p>\n\n\n\n<p><strong>Pour les demandes m\u00e9diatiques concernant l\u2019Association canadienne des optom\u00e9tristes, veuillez communiquer avec\u202f:&nbsp;<\/strong>&nbsp;<\/p>\n\n\n\n<p>Julie Vanghelder, directrice, Communications et marketing, jvanghelder@opto.ca&nbsp;&nbsp;<\/p>\n","protected":false},"excerpt":{"rendered":"<p>La Soci\u00e9t\u00e9 canadienne d&rsquo;ophtalmologie et l\u2019Association canadienne des optom\u00e9tristes s\u2019associent en appui \u00e0 un projet de loi \u00e9manant d\u2019une d\u00e9put\u00e9e pour la cr\u00e9ation d\u2019un bureau pour la sant\u00e9 visuelle&nbsp; Toronto (Ontario), 4 octobre 2022 \u2013 En pr\u00e9vision de la Journ\u00e9e mondiale de la vue, qui aura lieu le 13 octobre, la Soci\u00e9t\u00e9 canadienne d\u2019ophtalmologie et [&hellip;]<\/p>\n","protected":false},"author":5,"featured_media":0,"comment_status":"closed","ping_status":"open","sticky":false,"template":"","format":"standard","meta":{"footnotes":""},"categories":[26],"tags":[],"class_list":["post-7806","post","type-post","status-publish","format-standard","hentry","category-communique-de-presse"],"yoast_head":"<!-- This site is optimized with the Yoast SEO plugin v27.4 - https:\/\/yoast.com\/product\/yoast-seo-wordpress\/ -->\n<title>Un sondage conjoint souligne la n\u00e9cessit\u00e9 absolue de se doter d\u2019une strat\u00e9gie canadienne sur les soins oculaires pour s\u2019attaquer aux enjeux de sant\u00e9 visuelle - COS-SCO<\/title>\n<meta name=\"robots\" content=\"index, follow, max-snippet:-1, max-image-preview:large, max-video-preview:-1\" \/>\n<link rel=\"canonical\" href=\"https:\/\/www.cos-sco.ca\/fr\/un-sondage-conjoint-souligne-la-necessite-absolue-de-se-doter-dune-strategie-canadienne-sur-les-soins-oculaires-pour-sattaquer-aux-enjeux-de-sante-visuelle\/\" \/>\n<meta property=\"og:locale\" content=\"fr_FR\" \/>\n<meta property=\"og:type\" content=\"article\" \/>\n<meta property=\"og:title\" content=\"Un sondage conjoint souligne la n\u00e9cessit\u00e9 absolue de se doter d\u2019une strat\u00e9gie canadienne sur les soins oculaires pour s\u2019attaquer aux enjeux de sant\u00e9 visuelle - COS-SCO\" \/>\n<meta property=\"og:description\" content=\"La Soci\u00e9t\u00e9 canadienne d&rsquo;ophtalmologie et l\u2019Association canadienne des optom\u00e9tristes s\u2019associent en appui \u00e0 un projet de loi \u00e9manant d\u2019une d\u00e9put\u00e9e pour la cr\u00e9ation d\u2019un bureau pour la sant\u00e9 visuelle&nbsp; Toronto (Ontario), 4 octobre 2022 \u2013 En pr\u00e9vision de la Journ\u00e9e mondiale de la vue, qui aura lieu le 13 octobre, la Soci\u00e9t\u00e9 canadienne d\u2019ophtalmologie et [&hellip;]\" \/>\n<meta property=\"og:url\" content=\"https:\/\/www.cos-sco.ca\/fr\/un-sondage-conjoint-souligne-la-necessite-absolue-de-se-doter-dune-strategie-canadienne-sur-les-soins-oculaires-pour-sattaquer-aux-enjeux-de-sante-visuelle\/\" \/>\n<meta property=\"og:site_name\" content=\"COS-SCO\" \/>\n<meta property=\"article:published_time\" content=\"2022-10-04T09:30:00+00:00\" \/>\n<meta property=\"article:modified_time\" content=\"2025-11-17T16:08:36+00:00\" \/>\n<meta name=\"author\" content=\"Moneika Ramsinghani\" \/>\n<meta name=\"twitter:card\" content=\"summary_large_image\" \/>\n<meta name=\"twitter:label1\" content=\"\u00c9crit par\" \/>\n\t<meta name=\"twitter:data1\" content=\"Moneika Ramsinghani\" \/>\n\t<meta name=\"twitter:label2\" content=\"Dur\u00e9e de lecture estim\u00e9e\" \/>\n\t<meta name=\"twitter:data2\" content=\"8 minutes\" \/>\n<script type=\"application\/ld+json\" class=\"yoast-schema-graph\">{\"@context\":\"https:\\\/\\\/schema.org\",\"@graph\":[{\"@type\":\"Article\",\"@id\":\"https:\\\/\\\/www.cos-sco.ca\\\/fr\\\/un-sondage-conjoint-souligne-la-necessite-absolue-de-se-doter-dune-strategie-canadienne-sur-les-soins-oculaires-pour-sattaquer-aux-enjeux-de-sante-visuelle\\\/#article\",\"isPartOf\":{\"@id\":\"https:\\\/\\\/www.cos-sco.ca\\\/fr\\\/un-sondage-conjoint-souligne-la-necessite-absolue-de-se-doter-dune-strategie-canadienne-sur-les-soins-oculaires-pour-sattaquer-aux-enjeux-de-sante-visuelle\\\/\"},\"author\":{\"name\":\"Moneika Ramsinghani\",\"@id\":\"https:\\\/\\\/www.cos-sco.ca\\\/fr\\\/#\\\/schema\\\/person\\\/396c7c7e7d489e66173877b4cb926597\"},\"headline\":\"Un sondage conjoint souligne la n\u00e9cessit\u00e9 absolue de se doter d\u2019une strat\u00e9gie canadienne sur les soins oculaires pour s\u2019attaquer aux enjeux de sant\u00e9 visuelle\",\"datePublished\":\"2022-10-04T09:30:00+00:00\",\"dateModified\":\"2025-11-17T16:08:36+00:00\",\"mainEntityOfPage\":{\"@id\":\"https:\\\/\\\/www.cos-sco.ca\\\/fr\\\/un-sondage-conjoint-souligne-la-necessite-absolue-de-se-doter-dune-strategie-canadienne-sur-les-soins-oculaires-pour-sattaquer-aux-enjeux-de-sante-visuelle\\\/\"},\"wordCount\":1544,\"publisher\":{\"@id\":\"https:\\\/\\\/www.cos-sco.ca\\\/fr\\\/#organization\"},\"articleSection\":[\"Communiqu\u00e9 de presse\"],\"inLanguage\":\"fr-FR\"},{\"@type\":\"WebPage\",\"@id\":\"https:\\\/\\\/www.cos-sco.ca\\\/fr\\\/un-sondage-conjoint-souligne-la-necessite-absolue-de-se-doter-dune-strategie-canadienne-sur-les-soins-oculaires-pour-sattaquer-aux-enjeux-de-sante-visuelle\\\/\",\"url\":\"https:\\\/\\\/www.cos-sco.ca\\\/fr\\\/un-sondage-conjoint-souligne-la-necessite-absolue-de-se-doter-dune-strategie-canadienne-sur-les-soins-oculaires-pour-sattaquer-aux-enjeux-de-sante-visuelle\\\/\",\"name\":\"Un sondage conjoint souligne la n\u00e9cessit\u00e9 absolue de se doter d\u2019une strat\u00e9gie canadienne sur les soins oculaires pour s\u2019attaquer aux enjeux de sant\u00e9 visuelle - COS-SCO\",\"isPartOf\":{\"@id\":\"https:\\\/\\\/www.cos-sco.ca\\\/fr\\\/#website\"},\"datePublished\":\"2022-10-04T09:30:00+00:00\",\"dateModified\":\"2025-11-17T16:08:36+00:00\",\"breadcrumb\":{\"@id\":\"https:\\\/\\\/www.cos-sco.ca\\\/fr\\\/un-sondage-conjoint-souligne-la-necessite-absolue-de-se-doter-dune-strategie-canadienne-sur-les-soins-oculaires-pour-sattaquer-aux-enjeux-de-sante-visuelle\\\/#breadcrumb\"},\"inLanguage\":\"fr-FR\",\"potentialAction\":[{\"@type\":\"ReadAction\",\"target\":[\"https:\\\/\\\/www.cos-sco.ca\\\/fr\\\/un-sondage-conjoint-souligne-la-necessite-absolue-de-se-doter-dune-strategie-canadienne-sur-les-soins-oculaires-pour-sattaquer-aux-enjeux-de-sante-visuelle\\\/\"]}]},{\"@type\":\"BreadcrumbList\",\"@id\":\"https:\\\/\\\/www.cos-sco.ca\\\/fr\\\/un-sondage-conjoint-souligne-la-necessite-absolue-de-se-doter-dune-strategie-canadienne-sur-les-soins-oculaires-pour-sattaquer-aux-enjeux-de-sante-visuelle\\\/#breadcrumb\",\"itemListElement\":[{\"@type\":\"ListItem\",\"position\":1,\"name\":\"Home\",\"item\":\"https:\\\/\\\/www.cos-sco.ca\\\/fr\\\/\"},{\"@type\":\"ListItem\",\"position\":2,\"name\":\"Un sondage conjoint souligne la n\u00e9cessit\u00e9 absolue de se doter d\u2019une strat\u00e9gie canadienne sur les soins oculaires pour s\u2019attaquer aux enjeux de sant\u00e9 visuelle\"}]},{\"@type\":\"WebSite\",\"@id\":\"https:\\\/\\\/www.cos-sco.ca\\\/fr\\\/#website\",\"url\":\"https:\\\/\\\/www.cos-sco.ca\\\/fr\\\/\",\"name\":\"COS-SCO\",\"description\":\"\",\"publisher\":{\"@id\":\"https:\\\/\\\/www.cos-sco.ca\\\/fr\\\/#organization\"},\"potentialAction\":[{\"@type\":\"SearchAction\",\"target\":{\"@type\":\"EntryPoint\",\"urlTemplate\":\"https:\\\/\\\/www.cos-sco.ca\\\/fr\\\/?s={search_term_string}\"},\"query-input\":{\"@type\":\"PropertyValueSpecification\",\"valueRequired\":true,\"valueName\":\"search_term_string\"}}],\"inLanguage\":\"fr-FR\"},{\"@type\":\"Organization\",\"@id\":\"https:\\\/\\\/www.cos-sco.ca\\\/fr\\\/#organization\",\"name\":\"COS-SCO\",\"url\":\"https:\\\/\\\/www.cos-sco.ca\\\/fr\\\/\",\"logo\":{\"@type\":\"ImageObject\",\"inLanguage\":\"fr-FR\",\"@id\":\"https:\\\/\\\/www.cos-sco.ca\\\/fr\\\/#\\\/schema\\\/logo\\\/image\\\/\",\"url\":\"https:\\\/\\\/www.cos-sco.ca\\\/wp-content\\\/uploads\\\/2025\\\/10\\\/logo.png\",\"contentUrl\":\"https:\\\/\\\/www.cos-sco.ca\\\/wp-content\\\/uploads\\\/2025\\\/10\\\/logo.png\",\"width\":316,\"height\":180,\"caption\":\"COS-SCO\"},\"image\":{\"@id\":\"https:\\\/\\\/www.cos-sco.ca\\\/fr\\\/#\\\/schema\\\/logo\\\/image\\\/\"}},{\"@type\":\"Person\",\"@id\":\"https:\\\/\\\/www.cos-sco.ca\\\/fr\\\/#\\\/schema\\\/person\\\/396c7c7e7d489e66173877b4cb926597\",\"name\":\"Moneika Ramsinghani\",\"image\":{\"@type\":\"ImageObject\",\"inLanguage\":\"fr-FR\",\"@id\":\"https:\\\/\\\/secure.gravatar.com\\\/avatar\\\/4a3faae794c8deb03117c4a81d901b30ee6d75f82035d759f7b7e0d8978fb79f?s=96&d=mm&r=g\",\"url\":\"https:\\\/\\\/secure.gravatar.com\\\/avatar\\\/4a3faae794c8deb03117c4a81d901b30ee6d75f82035d759f7b7e0d8978fb79f?s=96&d=mm&r=g\",\"contentUrl\":\"https:\\\/\\\/secure.gravatar.com\\\/avatar\\\/4a3faae794c8deb03117c4a81d901b30ee6d75f82035d759f7b7e0d8978fb79f?s=96&d=mm&r=g\",\"caption\":\"Moneika Ramsinghani\"},\"url\":\"https:\\\/\\\/www.cos-sco.ca\\\/fr\\\/author\\\/yrikpokcgjdwqyu\\\/\"}]}<\/script>\n<!-- \/ Yoast SEO plugin. -->","yoast_head_json":{"title":"Un sondage conjoint souligne la n\u00e9cessit\u00e9 absolue de se doter d\u2019une strat\u00e9gie canadienne sur les soins oculaires pour s\u2019attaquer aux enjeux de sant\u00e9 visuelle - COS-SCO","robots":{"index":"index","follow":"follow","max-snippet":"max-snippet:-1","max-image-preview":"max-image-preview:large","max-video-preview":"max-video-preview:-1"},"canonical":"https:\/\/www.cos-sco.ca\/fr\/un-sondage-conjoint-souligne-la-necessite-absolue-de-se-doter-dune-strategie-canadienne-sur-les-soins-oculaires-pour-sattaquer-aux-enjeux-de-sante-visuelle\/","og_locale":"fr_FR","og_type":"article","og_title":"Un sondage conjoint souligne la n\u00e9cessit\u00e9 absolue de se doter d\u2019une strat\u00e9gie canadienne sur les soins oculaires pour s\u2019attaquer aux enjeux de sant\u00e9 visuelle - COS-SCO","og_description":"La Soci\u00e9t\u00e9 canadienne d&rsquo;ophtalmologie et l\u2019Association canadienne des optom\u00e9tristes s\u2019associent en appui \u00e0 un projet de loi \u00e9manant d\u2019une d\u00e9put\u00e9e pour la cr\u00e9ation d\u2019un bureau pour la sant\u00e9 visuelle&nbsp; Toronto (Ontario), 4 octobre 2022 \u2013 En pr\u00e9vision de la Journ\u00e9e mondiale de la vue, qui aura lieu le 13 octobre, la Soci\u00e9t\u00e9 canadienne d\u2019ophtalmologie et [&hellip;]","og_url":"https:\/\/www.cos-sco.ca\/fr\/un-sondage-conjoint-souligne-la-necessite-absolue-de-se-doter-dune-strategie-canadienne-sur-les-soins-oculaires-pour-sattaquer-aux-enjeux-de-sante-visuelle\/","og_site_name":"COS-SCO","article_published_time":"2022-10-04T09:30:00+00:00","article_modified_time":"2025-11-17T16:08:36+00:00","author":"Moneika Ramsinghani","twitter_card":"summary_large_image","twitter_misc":{"\u00c9crit par":"Moneika Ramsinghani","Dur\u00e9e de lecture estim\u00e9e":"8 minutes"},"schema":{"@context":"https:\/\/schema.org","@graph":[{"@type":"Article","@id":"https:\/\/www.cos-sco.ca\/fr\/un-sondage-conjoint-souligne-la-necessite-absolue-de-se-doter-dune-strategie-canadienne-sur-les-soins-oculaires-pour-sattaquer-aux-enjeux-de-sante-visuelle\/#article","isPartOf":{"@id":"https:\/\/www.cos-sco.ca\/fr\/un-sondage-conjoint-souligne-la-necessite-absolue-de-se-doter-dune-strategie-canadienne-sur-les-soins-oculaires-pour-sattaquer-aux-enjeux-de-sante-visuelle\/"},"author":{"name":"Moneika Ramsinghani","@id":"https:\/\/www.cos-sco.ca\/fr\/#\/schema\/person\/396c7c7e7d489e66173877b4cb926597"},"headline":"Un sondage conjoint souligne la n\u00e9cessit\u00e9 absolue de se doter d\u2019une strat\u00e9gie canadienne sur les soins oculaires pour s\u2019attaquer aux enjeux de sant\u00e9 visuelle","datePublished":"2022-10-04T09:30:00+00:00","dateModified":"2025-11-17T16:08:36+00:00","mainEntityOfPage":{"@id":"https:\/\/www.cos-sco.ca\/fr\/un-sondage-conjoint-souligne-la-necessite-absolue-de-se-doter-dune-strategie-canadienne-sur-les-soins-oculaires-pour-sattaquer-aux-enjeux-de-sante-visuelle\/"},"wordCount":1544,"publisher":{"@id":"https:\/\/www.cos-sco.ca\/fr\/#organization"},"articleSection":["Communiqu\u00e9 de presse"],"inLanguage":"fr-FR"},{"@type":"WebPage","@id":"https:\/\/www.cos-sco.ca\/fr\/un-sondage-conjoint-souligne-la-necessite-absolue-de-se-doter-dune-strategie-canadienne-sur-les-soins-oculaires-pour-sattaquer-aux-enjeux-de-sante-visuelle\/","url":"https:\/\/www.cos-sco.ca\/fr\/un-sondage-conjoint-souligne-la-necessite-absolue-de-se-doter-dune-strategie-canadienne-sur-les-soins-oculaires-pour-sattaquer-aux-enjeux-de-sante-visuelle\/","name":"Un sondage conjoint souligne la n\u00e9cessit\u00e9 absolue de se doter d\u2019une strat\u00e9gie canadienne sur les soins oculaires pour s\u2019attaquer aux enjeux de sant\u00e9 visuelle - COS-SCO","isPartOf":{"@id":"https:\/\/www.cos-sco.ca\/fr\/#website"},"datePublished":"2022-10-04T09:30:00+00:00","dateModified":"2025-11-17T16:08:36+00:00","breadcrumb":{"@id":"https:\/\/www.cos-sco.ca\/fr\/un-sondage-conjoint-souligne-la-necessite-absolue-de-se-doter-dune-strategie-canadienne-sur-les-soins-oculaires-pour-sattaquer-aux-enjeux-de-sante-visuelle\/#breadcrumb"},"inLanguage":"fr-FR","potentialAction":[{"@type":"ReadAction","target":["https:\/\/www.cos-sco.ca\/fr\/un-sondage-conjoint-souligne-la-necessite-absolue-de-se-doter-dune-strategie-canadienne-sur-les-soins-oculaires-pour-sattaquer-aux-enjeux-de-sante-visuelle\/"]}]},{"@type":"BreadcrumbList","@id":"https:\/\/www.cos-sco.ca\/fr\/un-sondage-conjoint-souligne-la-necessite-absolue-de-se-doter-dune-strategie-canadienne-sur-les-soins-oculaires-pour-sattaquer-aux-enjeux-de-sante-visuelle\/#breadcrumb","itemListElement":[{"@type":"ListItem","position":1,"name":"Home","item":"https:\/\/www.cos-sco.ca\/fr\/"},{"@type":"ListItem","position":2,"name":"Un sondage conjoint souligne la n\u00e9cessit\u00e9 absolue de se doter d\u2019une strat\u00e9gie canadienne sur les soins oculaires pour s\u2019attaquer aux enjeux de sant\u00e9 visuelle"}]},{"@type":"WebSite","@id":"https:\/\/www.cos-sco.ca\/fr\/#website","url":"https:\/\/www.cos-sco.ca\/fr\/","name":"COS-SCO","description":"","publisher":{"@id":"https:\/\/www.cos-sco.ca\/fr\/#organization"},"potentialAction":[{"@type":"SearchAction","target":{"@type":"EntryPoint","urlTemplate":"https:\/\/www.cos-sco.ca\/fr\/?s={search_term_string}"},"query-input":{"@type":"PropertyValueSpecification","valueRequired":true,"valueName":"search_term_string"}}],"inLanguage":"fr-FR"},{"@type":"Organization","@id":"https:\/\/www.cos-sco.ca\/fr\/#organization","name":"COS-SCO","url":"https:\/\/www.cos-sco.ca\/fr\/","logo":{"@type":"ImageObject","inLanguage":"fr-FR","@id":"https:\/\/www.cos-sco.ca\/fr\/#\/schema\/logo\/image\/","url":"https:\/\/www.cos-sco.ca\/wp-content\/uploads\/2025\/10\/logo.png","contentUrl":"https:\/\/www.cos-sco.ca\/wp-content\/uploads\/2025\/10\/logo.png","width":316,"height":180,"caption":"COS-SCO"},"image":{"@id":"https:\/\/www.cos-sco.ca\/fr\/#\/schema\/logo\/image\/"}},{"@type":"Person","@id":"https:\/\/www.cos-sco.ca\/fr\/#\/schema\/person\/396c7c7e7d489e66173877b4cb926597","name":"Moneika Ramsinghani","image":{"@type":"ImageObject","inLanguage":"fr-FR","@id":"https:\/\/secure.gravatar.com\/avatar\/4a3faae794c8deb03117c4a81d901b30ee6d75f82035d759f7b7e0d8978fb79f?s=96&d=mm&r=g","url":"https:\/\/secure.gravatar.com\/avatar\/4a3faae794c8deb03117c4a81d901b30ee6d75f82035d759f7b7e0d8978fb79f?s=96&d=mm&r=g","contentUrl":"https:\/\/secure.gravatar.com\/avatar\/4a3faae794c8deb03117c4a81d901b30ee6d75f82035d759f7b7e0d8978fb79f?s=96&d=mm&r=g","caption":"Moneika Ramsinghani"},"url":"https:\/\/www.cos-sco.ca\/fr\/author\/yrikpokcgjdwqyu\/"}]}},"_links":{"self":[{"href":"https:\/\/www.cos-sco.ca\/fr\/wp-json\/wp\/v2\/posts\/7806","targetHints":{"allow":["GET"]}}],"collection":[{"href":"https:\/\/www.cos-sco.ca\/fr\/wp-json\/wp\/v2\/posts"}],"about":[{"href":"https:\/\/www.cos-sco.ca\/fr\/wp-json\/wp\/v2\/types\/post"}],"author":[{"embeddable":true,"href":"https:\/\/www.cos-sco.ca\/fr\/wp-json\/wp\/v2\/users\/5"}],"replies":[{"embeddable":true,"href":"https:\/\/www.cos-sco.ca\/fr\/wp-json\/wp\/v2\/comments?post=7806"}],"version-history":[{"count":1,"href":"https:\/\/www.cos-sco.ca\/fr\/wp-json\/wp\/v2\/posts\/7806\/revisions"}],"predecessor-version":[{"id":14632,"href":"https:\/\/www.cos-sco.ca\/fr\/wp-json\/wp\/v2\/posts\/7806\/revisions\/14632"}],"wp:attachment":[{"href":"https:\/\/www.cos-sco.ca\/fr\/wp-json\/wp\/v2\/media?parent=7806"}],"wp:term":[{"taxonomy":"category","embeddable":true,"href":"https:\/\/www.cos-sco.ca\/fr\/wp-json\/wp\/v2\/categories?post=7806"},{"taxonomy":"post_tag","embeddable":true,"href":"https:\/\/www.cos-sco.ca\/fr\/wp-json\/wp\/v2\/tags?post=7806"}],"curies":[{"name":"wp","href":"https:\/\/api.w.org\/{rel}","templated":true}]}}