{"id":11057,"date":"2024-03-21T15:24:46","date_gmt":"2024-03-21T19:24:46","guid":{"rendered":"https:\/\/www.cos-sco.ca\/?p=11057"},"modified":"2025-11-17T11:08:44","modified_gmt":"2025-11-17T16:08:44","slug":"attention-a-votre-vision-proteger-les-canadiens-pendant-leclipse-solaire-totale-du-8-avril","status":"publish","type":"post","link":"https:\/\/www.cos-sco.ca\/fr\/attention-a-votre-vision-proteger-les-canadiens-pendant-leclipse-solaire-totale-du-8-avril\/","title":{"rendered":"Attention \u00e0 votre vision : Prot\u00e9ger les Canadiens pendant l\u2019\u00e9clipse solaire totale du 8 avril"},"content":{"rendered":"\n<p>Toronto (Ontario) \u2013 21 mars 2024 \u2013&nbsp;Le 8 avril prochain, la population canadienne vivra une \u00e9clipse solaire totale, et il est important de rappeler l\u2019importance de prot\u00e9ger ses yeux durant cet \u00e9v\u00e9nement.<\/p>\n\n\n\n<figure class=\"wp-block-image alignright size-full is-resized\"><img decoding=\"async\" src=\"https:\/\/www.cos-sco.ca\/wp-content\/uploads\/2024\/04\/Solar-Eclipse2-1.png\" alt=\"\" class=\"wp-image-11131\" style=\"width:336px;height:auto\"\/><\/figure>\n\n\n\n<p>Nous savons qu\u2019il s\u2019agit d\u2019un moment tr\u00e8s palpitant, mais la Soci\u00e9t\u00e9 canadienne d\u2019ophtalmologie&nbsp;(SCO) veut s\u2019assurer que les Canadiennes et les Canadiens prennent les pr\u00e9cautions appropri\u00e9es pour assurer la s\u00e9curit\u00e9 de leurs yeux lorsqu\u2019ils regardent l\u2019\u00e9clipse. M\u00eame un bref coup d\u2019\u0153il au soleil pendant cette p\u00e9riode peut entra\u00eener des l\u00e9sions oculaires irr\u00e9versibles, voire une perte de vision, que l\u2019on appelle aussi r\u00e9tinopathie solaire.<\/p>\n\n\n\n<p><strong>Lorsqu\u2019ils regarderont l\u2019\u00e9clipse solaire, les Canadiennes et les Canadiens devraient prendre les pr\u00e9cautions suivantes pour prot\u00e9ger leurs yeux :&nbsp;<\/strong><\/p>\n\n\n\n<ul class=\"wp-block-list\">\n<li>Prot\u00e9gez vos yeux en tout temps en portant des lunettes d\u2019observation solaire s\u00fbres ou en utilisant une visionneuse solaire portative s\u00fbre qui sont conformes \u00e0&nbsp;<a href=\"https:\/\/eclipse.aas.org\/eye-safety\/iso-certification\">la norme internationale ISO&nbsp;12312-2<\/a>.<\/li>\n\n\n\n<li>Il est important de v\u00e9rifier que les lunettes ne sont pas d\u00e9chir\u00e9es, \u00e9gratign\u00e9es ou autrement endommag\u00e9es avant leur utilisation.<\/li>\n\n\n\n<li>Ne regardez pas le soleil \u00e0 travers l\u2019objectif d\u2019un appareil photo, d\u2019un t\u00e9lescope, de jumelles ou de tout autre dispositif optique lorsque vous portez des lunettes d\u2019observation d\u2019\u00e9clipse ou que vous utilisez une visionneuse solaire portative, car les rayons solaires concentr\u00e9s br\u00fbleront le filtre et peuvent provoquer de graves l\u00e9sions oculaires.<\/li>\n\n\n\n<li>Supervisez toujours les enfants qui utilisent une visionneuse solaire.<\/li>\n<\/ul>\n\n\n\n<p><strong>Qu\u2019est-ce que la r\u00e9tinopathie solaire?<\/strong><\/p>\n\n\n\n<p>La r\u00e9tinopathie solaire s\u2019entend d\u2019une l\u00e9sion photochimique du tissu de la macula (r\u00e9tine centrale). Elle est couramment associ\u00e9e \u00e0 l\u2019observation du soleil ou des \u00e9clipses. Une exposition de courte dur\u00e9e, soit une observation du soleil pendant quelques secondes \u00e0 peine, peut provoquer une r\u00e9tinopathie solaire.&nbsp;<\/p>\n\n\n\n<p><strong>Quels sont certains des sympt\u00f4mes associ\u00e9s \u00e0 la r\u00e9tinopathie solaire?<\/strong><\/p>\n\n\n\n<p>Voici des exemples de sympt\u00f4mes associ\u00e9s \u00e0 la r\u00e9tinopathie solaire&nbsp;:<\/p>\n\n\n\n<ul class=\"wp-block-list\">\n<li>Vision floue<\/li>\n\n\n\n<li>Perte de vision au centre du champ visuel<\/li>\n\n\n\n<li>Douleur oculaire&nbsp;<\/li>\n<\/ul>\n\n\n\n<p>Si vous pr\u00e9sentez des sympt\u00f4mes susceptibles d\u2019indiquer que vous avez subi des dommages en regardant l\u2019\u00e9clipse solaire, vous devriez consulter imm\u00e9diatement un sp\u00e9cialiste des soins oculaires.<\/p>\n\n\n\n<p><strong>Comment traite-t-on la r\u00e9tinopathie solaire?<\/strong><\/p>\n\n\n\n<p>Malheureusement, il n\u2019existe pas de traitement connu pour la r\u00e9tinopathie solaire, et les personnes touch\u00e9es doivent attendre qu\u2019elle disparaisse. Votre m\u00e9decin ophtalmologiste peut pr\u00e9voir des examens de suivi afin de surveiller toute perte de vision.<\/p>\n\n\n\n<p><strong>Combien de temps faut-il pour que la r\u00e9tinopathie solaire disparaisse?<\/strong><\/p>\n\n\n\n<p>La plupart des r\u00e9tinopathies solaires disparaissent d\u2019elles-m\u00eames en 3 \u00e0 6 mois. Malheureusement, des changements \u00e0 la vision toujours pr\u00e9sents 6 mois suivant l\u2019apparition de la l\u00e9sion peuvent \u00eatre permanents. Certaines personnes continueront \u00e0 avoir des distorsions permanentes et des taches aveugles dans leur vision centrale.<\/p>\n\n\n\n<p>&nbsp;<strong>Que faire en cas d\u2019exposition directe des yeux \u00e0 l\u2019\u00e9clipse?<\/strong><\/p>\n\n\n\n<p>La pr\u00e9vention constitue la meilleure fa\u00e7on d\u2019\u00e9viter la perte de vision ou une l\u00e9sion. Assurez-vous de porter des lunettes de protection durant une \u00e9clipse. Si vous pr\u00e9sentez des sympt\u00f4mes de l\u00e9sions oculaires apr\u00e8s avoir accidentellement regard\u00e9 directement le soleil, consultez imm\u00e9diatement un ophtalmologiste ou un professionnel des soins oculaires.&nbsp; Pour en savoir plus sur la sant\u00e9 oculaire en g\u00e9n\u00e9ral, visitez&nbsp;<a href=\"https:\/\/www.seethepossibilities.ca\/dmla-ama\/?lang=fr\" target=\"_blank\" rel=\"noreferrer noopener\">www.seethepossibilities.ca<\/a>.&nbsp;&nbsp;<\/p>\n\n\n\n<p>-30-&nbsp;<\/p>\n\n\n\n<p><strong>Ressources suppl\u00e9mentaires&nbsp;:<\/strong><\/p>\n\n\n\n<p><a href=\"https:\/\/www.queensu.ca\/physics\/2024eclipse\" target=\"_blank\" rel=\"noreferrer noopener\">Universit\u00e9 Queen\u2019s \u2013 \u00c9clipse solaire totale&nbsp;20<\/a><a href=\"https:\/\/ophthalmology.queensu.ca\/eclipse\">24<\/a> &#8211; <em>trouver des informations et des ressources pour vous aider \u00e0 vivre et \u00e0 profiter en toute s\u00e9curit\u00e9 de cet \u00e9v\u00e9nement astronomique unique.<\/em><\/p>\n\n\n\n<p><a href=\"https:\/\/www.cbc.ca\/listen\/cbc-podcasts\/410-the-dose\/episode\/16053593-how-can-i-watch-a-solar-eclipse-and-keep-my-eyes-safe\">The Dose with Dr. Brian Goldman<\/a> &#8211; interview du Dr. Yi Ning Strube, membre de la SCO.<\/p>\n\n\n\n<p><a href=\"https:\/\/www.asc-csa.gc.ca\/fra\/astronomie\/eclipses\/eclipses-solaires.asp\">Agence spatiale canadienne<\/a> &#8211; <em>Il ne faut pas regarder le Soleil directement sans&nbsp;<a href=\"https:\/\/www.asc-csa.gc.ca\/fra\/astronomie\/eclipses\/eclipses-solaires.asp#protection\">protection ad\u00e9quate<\/a>. Sinon, cela peut entra\u00eener de graves probl\u00e8mes, jusqu&rsquo;\u00e0 la perte partielle ou totale de la vue.<\/em><\/p>\n\n\n\n<p><a href=\"https:\/\/science.nasa.gov\/eclipses\/future-eclipses\/eclipse-2024\/where-when\/\">Explorateur d\u2019\u00e9clipse de la NASA<\/a>&nbsp;\u2013&nbsp;<em>Carte interactive con\u00e7ue pour rehausser votre exp\u00e9rience d\u2019observation de l\u2019\u00e9clipse. Con\u00e7u pour compl\u00e9ter nos cartes d\u2019\u00e9clipses statiques existantes, cet outil permet aux utilisateurs de se plonger dans cet incroyable \u00e9v\u00e9nement c\u00e9leste comme jamais auparavant.&nbsp;<\/em><\/p>\n\n\n\n<p><a href=\"https:\/\/eclipse.aas.org\/eclipse-america-2024\">Eclipse America&nbsp;2024<\/a>&nbsp;\u2013&nbsp;<em>L\u2019\u00e9clipse solaire du 8 avril 2024 sera totale sur une trajectoire \u00e9troite allant du Mexique \u00e0 l\u2019est du Canada et partielle au nord-ouest et au sud-est. Les courbes jaunes indiquent la partie du soleil couverte par la lune en dehors de la trajectoire de totalit\u00e9. La diff\u00e9rence entre une \u00e9clipse solaire totale et une \u00e9clipse partielle est litt\u00e9ralement la diff\u00e9rence entre le jour et la nuit, alors mettez-vous sur la trajectoire de la totalit\u00e9 si vous le pouvez.<\/em><\/p>\n\n\n\n<p><\/p>\n\n\n\n<p><strong>\u00c0 propos de la Soci\u00e9t\u00e9 canadienne d\u2019ophtalmologie<\/strong>&nbsp;<\/p>\n\n\n\n<p>La Soci\u00e9t\u00e9 canadienne d\u2019ophtalmologie (SCO) est l\u2019autorit\u00e9 nationale reconnue en mati\u00e8re de soins oculaires et visuels au Canada. En tant que m\u00e9decins et chirurgiens ophtalmologistes, ses membres veillent \u00e0 ce que la population canadienne re\u00e7oive les meilleurs soins oculaires m\u00e9dicaux et chirurgicaux possible, en encourageant la poursuite de l\u2019excellence en ophtalmologie et en procurant des services de soutien \u00e0 nos membres en exercice. La SCO regroupe plus de 900 ophtalmologistes et 200 m\u00e9decins r\u00e9sidents en ophtalmologie. Nous collaborons avec le gouvernement, d\u2019autres soci\u00e9t\u00e9s de sursp\u00e9cialit\u00e9 nationales et internationales, nos collectivit\u00e9s universitaires (ACUPO), nos partenaires provinciaux et soci\u00e9t\u00e9s affili\u00e9es et d\u2019autres professionnels des soins oculaires et groupes de patients pour promouvoir une politique en mati\u00e8re de sant\u00e9 oculaire et visuelle au Canada. La SCO est prestataire agr\u00e9\u00e9e et prim\u00e9e de d\u00e9veloppement professionnel continu (DPC) dans le cadre du programme du Coll\u00e8ge royal des m\u00e9decins et chirurgiens du Canada (CRMCC). Elle est en outre affili\u00e9e \u00e0 l\u2019Association m\u00e9dicale canadienne (AMC). Pour de plus amples renseignements, visitez le site&nbsp;<a href=\"https:\/\/www.cos-sco.ca\/fr\/\" target=\"_blank\" rel=\"noreferrer noopener\">cos-sco.ca<\/a>.&nbsp;<\/p>\n\n\n\n<p><strong>Pour les demandes des m\u00e9dias, veuillez communiquer avec\u202f:&nbsp;<\/strong>&nbsp;<\/p>\n\n\n\n<p>Shubhi Sinha,\u00a0ssinha@blueskycommunications.com, BlueSky Communications\u00a0<\/p>\n","protected":false},"excerpt":{"rendered":"<p>Le 8 avril prochain, la population canadienne vivra une \u00e9clipse solaire totale, et il est important de rappeler l\u2019importance de prot\u00e9ger ses yeux durant cet \u00e9v\u00e9nement. M\u00eame un bref coup d\u2019\u0153il au soleil pendant cette p\u00e9riode peut entra\u00eener des l\u00e9sions oculaires irr\u00e9versibles, voire une perte de vision, que l\u2019on appelle aussi r\u00e9tinopathie solaire.<\/p>\n","protected":false},"author":5,"featured_media":0,"comment_status":"closed","ping_status":"open","sticky":false,"template":"","format":"standard","meta":{"footnotes":""},"categories":[26],"tags":[],"class_list":["post-11057","post","type-post","status-publish","format-standard","hentry","category-communique-de-presse"],"yoast_head":"<!-- This site is optimized with the Yoast SEO plugin v27.4 - https:\/\/yoast.com\/product\/yoast-seo-wordpress\/ -->\n<title>Attention \u00e0 votre vision : Prot\u00e9ger les Canadiens pendant l\u2019\u00e9clipse solaire totale du 8 avril - COS-SCO<\/title>\n<meta name=\"robots\" content=\"index, follow, max-snippet:-1, max-image-preview:large, max-video-preview:-1\" \/>\n<link rel=\"canonical\" href=\"https:\/\/www.cos-sco.ca\/fr\/attention-a-votre-vision-proteger-les-canadiens-pendant-leclipse-solaire-totale-du-8-avril\/\" \/>\n<meta property=\"og:locale\" content=\"fr_FR\" \/>\n<meta property=\"og:type\" content=\"article\" \/>\n<meta property=\"og:title\" content=\"Attention \u00e0 votre vision : Prot\u00e9ger les Canadiens pendant l\u2019\u00e9clipse solaire totale du 8 avril - COS-SCO\" \/>\n<meta property=\"og:description\" content=\"Le 8 avril prochain, la population canadienne vivra une \u00e9clipse solaire totale, et il est important de rappeler l\u2019importance de prot\u00e9ger ses yeux durant cet \u00e9v\u00e9nement. M\u00eame un bref coup d\u2019\u0153il au soleil pendant cette p\u00e9riode peut entra\u00eener des l\u00e9sions oculaires irr\u00e9versibles, voire une perte de vision, que l\u2019on appelle aussi r\u00e9tinopathie solaire.\" \/>\n<meta property=\"og:url\" content=\"https:\/\/www.cos-sco.ca\/fr\/attention-a-votre-vision-proteger-les-canadiens-pendant-leclipse-solaire-totale-du-8-avril\/\" \/>\n<meta property=\"og:site_name\" content=\"COS-SCO\" \/>\n<meta property=\"article:published_time\" content=\"2024-03-21T19:24:46+00:00\" \/>\n<meta property=\"article:modified_time\" content=\"2025-11-17T16:08:44+00:00\" \/>\n<meta property=\"og:image\" content=\"https:\/\/www.cos-sco.ca\/wp-content\/uploads\/2024\/04\/Solar-Eclipse2-1.png\" \/>\n<meta name=\"author\" content=\"Moneika Ramsinghani\" \/>\n<meta name=\"twitter:card\" content=\"summary_large_image\" \/>\n<meta name=\"twitter:label1\" content=\"\u00c9crit par\" \/>\n\t<meta name=\"twitter:data1\" content=\"Moneika Ramsinghani\" \/>\n\t<meta name=\"twitter:label2\" content=\"Dur\u00e9e de lecture estim\u00e9e\" \/>\n\t<meta name=\"twitter:data2\" content=\"5 minutes\" \/>\n<script type=\"application\/ld+json\" class=\"yoast-schema-graph\">{\"@context\":\"https:\\\/\\\/schema.org\",\"@graph\":[{\"@type\":\"Article\",\"@id\":\"https:\\\/\\\/www.cos-sco.ca\\\/fr\\\/attention-a-votre-vision-proteger-les-canadiens-pendant-leclipse-solaire-totale-du-8-avril\\\/#article\",\"isPartOf\":{\"@id\":\"https:\\\/\\\/www.cos-sco.ca\\\/fr\\\/attention-a-votre-vision-proteger-les-canadiens-pendant-leclipse-solaire-totale-du-8-avril\\\/\"},\"author\":{\"name\":\"Moneika Ramsinghani\",\"@id\":\"https:\\\/\\\/www.cos-sco.ca\\\/fr\\\/#\\\/schema\\\/person\\\/396c7c7e7d489e66173877b4cb926597\"},\"headline\":\"Attention \u00e0 votre vision : Prot\u00e9ger les Canadiens pendant l\u2019\u00e9clipse solaire totale du 8 avril\",\"datePublished\":\"2024-03-21T19:24:46+00:00\",\"dateModified\":\"2025-11-17T16:08:44+00:00\",\"mainEntityOfPage\":{\"@id\":\"https:\\\/\\\/www.cos-sco.ca\\\/fr\\\/attention-a-votre-vision-proteger-les-canadiens-pendant-leclipse-solaire-totale-du-8-avril\\\/\"},\"wordCount\":1050,\"publisher\":{\"@id\":\"https:\\\/\\\/www.cos-sco.ca\\\/fr\\\/#organization\"},\"image\":{\"@id\":\"https:\\\/\\\/www.cos-sco.ca\\\/fr\\\/attention-a-votre-vision-proteger-les-canadiens-pendant-leclipse-solaire-totale-du-8-avril\\\/#primaryimage\"},\"thumbnailUrl\":\"https:\\\/\\\/www.cos-sco.ca\\\/wp-content\\\/uploads\\\/2024\\\/04\\\/Solar-Eclipse2-1.png\",\"articleSection\":[\"Communiqu\u00e9 de presse\"],\"inLanguage\":\"fr-FR\"},{\"@type\":\"WebPage\",\"@id\":\"https:\\\/\\\/www.cos-sco.ca\\\/fr\\\/attention-a-votre-vision-proteger-les-canadiens-pendant-leclipse-solaire-totale-du-8-avril\\\/\",\"url\":\"https:\\\/\\\/www.cos-sco.ca\\\/fr\\\/attention-a-votre-vision-proteger-les-canadiens-pendant-leclipse-solaire-totale-du-8-avril\\\/\",\"name\":\"Attention \u00e0 votre vision : Prot\u00e9ger les Canadiens pendant l\u2019\u00e9clipse solaire totale du 8 avril - COS-SCO\",\"isPartOf\":{\"@id\":\"https:\\\/\\\/www.cos-sco.ca\\\/fr\\\/#website\"},\"primaryImageOfPage\":{\"@id\":\"https:\\\/\\\/www.cos-sco.ca\\\/fr\\\/attention-a-votre-vision-proteger-les-canadiens-pendant-leclipse-solaire-totale-du-8-avril\\\/#primaryimage\"},\"image\":{\"@id\":\"https:\\\/\\\/www.cos-sco.ca\\\/fr\\\/attention-a-votre-vision-proteger-les-canadiens-pendant-leclipse-solaire-totale-du-8-avril\\\/#primaryimage\"},\"thumbnailUrl\":\"https:\\\/\\\/www.cos-sco.ca\\\/wp-content\\\/uploads\\\/2024\\\/04\\\/Solar-Eclipse2-1.png\",\"datePublished\":\"2024-03-21T19:24:46+00:00\",\"dateModified\":\"2025-11-17T16:08:44+00:00\",\"breadcrumb\":{\"@id\":\"https:\\\/\\\/www.cos-sco.ca\\\/fr\\\/attention-a-votre-vision-proteger-les-canadiens-pendant-leclipse-solaire-totale-du-8-avril\\\/#breadcrumb\"},\"inLanguage\":\"fr-FR\",\"potentialAction\":[{\"@type\":\"ReadAction\",\"target\":[\"https:\\\/\\\/www.cos-sco.ca\\\/fr\\\/attention-a-votre-vision-proteger-les-canadiens-pendant-leclipse-solaire-totale-du-8-avril\\\/\"]}]},{\"@type\":\"ImageObject\",\"inLanguage\":\"fr-FR\",\"@id\":\"https:\\\/\\\/www.cos-sco.ca\\\/fr\\\/attention-a-votre-vision-proteger-les-canadiens-pendant-leclipse-solaire-totale-du-8-avril\\\/#primaryimage\",\"url\":\"https:\\\/\\\/www.cos-sco.ca\\\/wp-content\\\/uploads\\\/2024\\\/04\\\/Solar-Eclipse2-1.png\",\"contentUrl\":\"https:\\\/\\\/www.cos-sco.ca\\\/wp-content\\\/uploads\\\/2024\\\/04\\\/Solar-Eclipse2-1.png\"},{\"@type\":\"BreadcrumbList\",\"@id\":\"https:\\\/\\\/www.cos-sco.ca\\\/fr\\\/attention-a-votre-vision-proteger-les-canadiens-pendant-leclipse-solaire-totale-du-8-avril\\\/#breadcrumb\",\"itemListElement\":[{\"@type\":\"ListItem\",\"position\":1,\"name\":\"Home\",\"item\":\"https:\\\/\\\/www.cos-sco.ca\\\/fr\\\/\"},{\"@type\":\"ListItem\",\"position\":2,\"name\":\"Attention \u00e0 votre vision : Prot\u00e9ger les Canadiens pendant l\u2019\u00e9clipse solaire totale du 8 avril\"}]},{\"@type\":\"WebSite\",\"@id\":\"https:\\\/\\\/www.cos-sco.ca\\\/fr\\\/#website\",\"url\":\"https:\\\/\\\/www.cos-sco.ca\\\/fr\\\/\",\"name\":\"COS-SCO\",\"description\":\"\",\"publisher\":{\"@id\":\"https:\\\/\\\/www.cos-sco.ca\\\/fr\\\/#organization\"},\"potentialAction\":[{\"@type\":\"SearchAction\",\"target\":{\"@type\":\"EntryPoint\",\"urlTemplate\":\"https:\\\/\\\/www.cos-sco.ca\\\/fr\\\/?s={search_term_string}\"},\"query-input\":{\"@type\":\"PropertyValueSpecification\",\"valueRequired\":true,\"valueName\":\"search_term_string\"}}],\"inLanguage\":\"fr-FR\"},{\"@type\":\"Organization\",\"@id\":\"https:\\\/\\\/www.cos-sco.ca\\\/fr\\\/#organization\",\"name\":\"COS-SCO\",\"url\":\"https:\\\/\\\/www.cos-sco.ca\\\/fr\\\/\",\"logo\":{\"@type\":\"ImageObject\",\"inLanguage\":\"fr-FR\",\"@id\":\"https:\\\/\\\/www.cos-sco.ca\\\/fr\\\/#\\\/schema\\\/logo\\\/image\\\/\",\"url\":\"https:\\\/\\\/www.cos-sco.ca\\\/wp-content\\\/uploads\\\/2025\\\/10\\\/logo.png\",\"contentUrl\":\"https:\\\/\\\/www.cos-sco.ca\\\/wp-content\\\/uploads\\\/2025\\\/10\\\/logo.png\",\"width\":316,\"height\":180,\"caption\":\"COS-SCO\"},\"image\":{\"@id\":\"https:\\\/\\\/www.cos-sco.ca\\\/fr\\\/#\\\/schema\\\/logo\\\/image\\\/\"}},{\"@type\":\"Person\",\"@id\":\"https:\\\/\\\/www.cos-sco.ca\\\/fr\\\/#\\\/schema\\\/person\\\/396c7c7e7d489e66173877b4cb926597\",\"name\":\"Moneika Ramsinghani\",\"image\":{\"@type\":\"ImageObject\",\"inLanguage\":\"fr-FR\",\"@id\":\"https:\\\/\\\/secure.gravatar.com\\\/avatar\\\/4a3faae794c8deb03117c4a81d901b30ee6d75f82035d759f7b7e0d8978fb79f?s=96&d=mm&r=g\",\"url\":\"https:\\\/\\\/secure.gravatar.com\\\/avatar\\\/4a3faae794c8deb03117c4a81d901b30ee6d75f82035d759f7b7e0d8978fb79f?s=96&d=mm&r=g\",\"contentUrl\":\"https:\\\/\\\/secure.gravatar.com\\\/avatar\\\/4a3faae794c8deb03117c4a81d901b30ee6d75f82035d759f7b7e0d8978fb79f?s=96&d=mm&r=g\",\"caption\":\"Moneika Ramsinghani\"},\"url\":\"https:\\\/\\\/www.cos-sco.ca\\\/fr\\\/author\\\/yrikpokcgjdwqyu\\\/\"}]}<\/script>\n<!-- \/ Yoast SEO plugin. -->","yoast_head_json":{"title":"Attention \u00e0 votre vision : Prot\u00e9ger les Canadiens pendant l\u2019\u00e9clipse solaire totale du 8 avril - COS-SCO","robots":{"index":"index","follow":"follow","max-snippet":"max-snippet:-1","max-image-preview":"max-image-preview:large","max-video-preview":"max-video-preview:-1"},"canonical":"https:\/\/www.cos-sco.ca\/fr\/attention-a-votre-vision-proteger-les-canadiens-pendant-leclipse-solaire-totale-du-8-avril\/","og_locale":"fr_FR","og_type":"article","og_title":"Attention \u00e0 votre vision : Prot\u00e9ger les Canadiens pendant l\u2019\u00e9clipse solaire totale du 8 avril - COS-SCO","og_description":"Le 8 avril prochain, la population canadienne vivra une \u00e9clipse solaire totale, et il est important de rappeler l\u2019importance de prot\u00e9ger ses yeux durant cet \u00e9v\u00e9nement. M\u00eame un bref coup d\u2019\u0153il au soleil pendant cette p\u00e9riode peut entra\u00eener des l\u00e9sions oculaires irr\u00e9versibles, voire une perte de vision, que l\u2019on appelle aussi r\u00e9tinopathie solaire.","og_url":"https:\/\/www.cos-sco.ca\/fr\/attention-a-votre-vision-proteger-les-canadiens-pendant-leclipse-solaire-totale-du-8-avril\/","og_site_name":"COS-SCO","article_published_time":"2024-03-21T19:24:46+00:00","article_modified_time":"2025-11-17T16:08:44+00:00","og_image":[{"url":"https:\/\/www.cos-sco.ca\/wp-content\/uploads\/2024\/04\/Solar-Eclipse2-1.png","type":"","width":"","height":""}],"author":"Moneika Ramsinghani","twitter_card":"summary_large_image","twitter_misc":{"\u00c9crit par":"Moneika Ramsinghani","Dur\u00e9e de lecture estim\u00e9e":"5 minutes"},"schema":{"@context":"https:\/\/schema.org","@graph":[{"@type":"Article","@id":"https:\/\/www.cos-sco.ca\/fr\/attention-a-votre-vision-proteger-les-canadiens-pendant-leclipse-solaire-totale-du-8-avril\/#article","isPartOf":{"@id":"https:\/\/www.cos-sco.ca\/fr\/attention-a-votre-vision-proteger-les-canadiens-pendant-leclipse-solaire-totale-du-8-avril\/"},"author":{"name":"Moneika Ramsinghani","@id":"https:\/\/www.cos-sco.ca\/fr\/#\/schema\/person\/396c7c7e7d489e66173877b4cb926597"},"headline":"Attention \u00e0 votre vision : Prot\u00e9ger les Canadiens pendant l\u2019\u00e9clipse solaire totale du 8 avril","datePublished":"2024-03-21T19:24:46+00:00","dateModified":"2025-11-17T16:08:44+00:00","mainEntityOfPage":{"@id":"https:\/\/www.cos-sco.ca\/fr\/attention-a-votre-vision-proteger-les-canadiens-pendant-leclipse-solaire-totale-du-8-avril\/"},"wordCount":1050,"publisher":{"@id":"https:\/\/www.cos-sco.ca\/fr\/#organization"},"image":{"@id":"https:\/\/www.cos-sco.ca\/fr\/attention-a-votre-vision-proteger-les-canadiens-pendant-leclipse-solaire-totale-du-8-avril\/#primaryimage"},"thumbnailUrl":"https:\/\/www.cos-sco.ca\/wp-content\/uploads\/2024\/04\/Solar-Eclipse2-1.png","articleSection":["Communiqu\u00e9 de presse"],"inLanguage":"fr-FR"},{"@type":"WebPage","@id":"https:\/\/www.cos-sco.ca\/fr\/attention-a-votre-vision-proteger-les-canadiens-pendant-leclipse-solaire-totale-du-8-avril\/","url":"https:\/\/www.cos-sco.ca\/fr\/attention-a-votre-vision-proteger-les-canadiens-pendant-leclipse-solaire-totale-du-8-avril\/","name":"Attention \u00e0 votre vision : Prot\u00e9ger les Canadiens pendant l\u2019\u00e9clipse solaire totale du 8 avril - COS-SCO","isPartOf":{"@id":"https:\/\/www.cos-sco.ca\/fr\/#website"},"primaryImageOfPage":{"@id":"https:\/\/www.cos-sco.ca\/fr\/attention-a-votre-vision-proteger-les-canadiens-pendant-leclipse-solaire-totale-du-8-avril\/#primaryimage"},"image":{"@id":"https:\/\/www.cos-sco.ca\/fr\/attention-a-votre-vision-proteger-les-canadiens-pendant-leclipse-solaire-totale-du-8-avril\/#primaryimage"},"thumbnailUrl":"https:\/\/www.cos-sco.ca\/wp-content\/uploads\/2024\/04\/Solar-Eclipse2-1.png","datePublished":"2024-03-21T19:24:46+00:00","dateModified":"2025-11-17T16:08:44+00:00","breadcrumb":{"@id":"https:\/\/www.cos-sco.ca\/fr\/attention-a-votre-vision-proteger-les-canadiens-pendant-leclipse-solaire-totale-du-8-avril\/#breadcrumb"},"inLanguage":"fr-FR","potentialAction":[{"@type":"ReadAction","target":["https:\/\/www.cos-sco.ca\/fr\/attention-a-votre-vision-proteger-les-canadiens-pendant-leclipse-solaire-totale-du-8-avril\/"]}]},{"@type":"ImageObject","inLanguage":"fr-FR","@id":"https:\/\/www.cos-sco.ca\/fr\/attention-a-votre-vision-proteger-les-canadiens-pendant-leclipse-solaire-totale-du-8-avril\/#primaryimage","url":"https:\/\/www.cos-sco.ca\/wp-content\/uploads\/2024\/04\/Solar-Eclipse2-1.png","contentUrl":"https:\/\/www.cos-sco.ca\/wp-content\/uploads\/2024\/04\/Solar-Eclipse2-1.png"},{"@type":"BreadcrumbList","@id":"https:\/\/www.cos-sco.ca\/fr\/attention-a-votre-vision-proteger-les-canadiens-pendant-leclipse-solaire-totale-du-8-avril\/#breadcrumb","itemListElement":[{"@type":"ListItem","position":1,"name":"Home","item":"https:\/\/www.cos-sco.ca\/fr\/"},{"@type":"ListItem","position":2,"name":"Attention \u00e0 votre vision : Prot\u00e9ger les Canadiens pendant l\u2019\u00e9clipse solaire totale du 8 avril"}]},{"@type":"WebSite","@id":"https:\/\/www.cos-sco.ca\/fr\/#website","url":"https:\/\/www.cos-sco.ca\/fr\/","name":"COS-SCO","description":"","publisher":{"@id":"https:\/\/www.cos-sco.ca\/fr\/#organization"},"potentialAction":[{"@type":"SearchAction","target":{"@type":"EntryPoint","urlTemplate":"https:\/\/www.cos-sco.ca\/fr\/?s={search_term_string}"},"query-input":{"@type":"PropertyValueSpecification","valueRequired":true,"valueName":"search_term_string"}}],"inLanguage":"fr-FR"},{"@type":"Organization","@id":"https:\/\/www.cos-sco.ca\/fr\/#organization","name":"COS-SCO","url":"https:\/\/www.cos-sco.ca\/fr\/","logo":{"@type":"ImageObject","inLanguage":"fr-FR","@id":"https:\/\/www.cos-sco.ca\/fr\/#\/schema\/logo\/image\/","url":"https:\/\/www.cos-sco.ca\/wp-content\/uploads\/2025\/10\/logo.png","contentUrl":"https:\/\/www.cos-sco.ca\/wp-content\/uploads\/2025\/10\/logo.png","width":316,"height":180,"caption":"COS-SCO"},"image":{"@id":"https:\/\/www.cos-sco.ca\/fr\/#\/schema\/logo\/image\/"}},{"@type":"Person","@id":"https:\/\/www.cos-sco.ca\/fr\/#\/schema\/person\/396c7c7e7d489e66173877b4cb926597","name":"Moneika Ramsinghani","image":{"@type":"ImageObject","inLanguage":"fr-FR","@id":"https:\/\/secure.gravatar.com\/avatar\/4a3faae794c8deb03117c4a81d901b30ee6d75f82035d759f7b7e0d8978fb79f?s=96&d=mm&r=g","url":"https:\/\/secure.gravatar.com\/avatar\/4a3faae794c8deb03117c4a81d901b30ee6d75f82035d759f7b7e0d8978fb79f?s=96&d=mm&r=g","contentUrl":"https:\/\/secure.gravatar.com\/avatar\/4a3faae794c8deb03117c4a81d901b30ee6d75f82035d759f7b7e0d8978fb79f?s=96&d=mm&r=g","caption":"Moneika Ramsinghani"},"url":"https:\/\/www.cos-sco.ca\/fr\/author\/yrikpokcgjdwqyu\/"}]}},"_links":{"self":[{"href":"https:\/\/www.cos-sco.ca\/fr\/wp-json\/wp\/v2\/posts\/11057","targetHints":{"allow":["GET"]}}],"collection":[{"href":"https:\/\/www.cos-sco.ca\/fr\/wp-json\/wp\/v2\/posts"}],"about":[{"href":"https:\/\/www.cos-sco.ca\/fr\/wp-json\/wp\/v2\/types\/post"}],"author":[{"embeddable":true,"href":"https:\/\/www.cos-sco.ca\/fr\/wp-json\/wp\/v2\/users\/5"}],"replies":[{"embeddable":true,"href":"https:\/\/www.cos-sco.ca\/fr\/wp-json\/wp\/v2\/comments?post=11057"}],"version-history":[{"count":1,"href":"https:\/\/www.cos-sco.ca\/fr\/wp-json\/wp\/v2\/posts\/11057\/revisions"}],"predecessor-version":[{"id":14663,"href":"https:\/\/www.cos-sco.ca\/fr\/wp-json\/wp\/v2\/posts\/11057\/revisions\/14663"}],"wp:attachment":[{"href":"https:\/\/www.cos-sco.ca\/fr\/wp-json\/wp\/v2\/media?parent=11057"}],"wp:term":[{"taxonomy":"category","embeddable":true,"href":"https:\/\/www.cos-sco.ca\/fr\/wp-json\/wp\/v2\/categories?post=11057"},{"taxonomy":"post_tag","embeddable":true,"href":"https:\/\/www.cos-sco.ca\/fr\/wp-json\/wp\/v2\/tags?post=11057"}],"curies":[{"name":"wp","href":"https:\/\/api.w.org\/{rel}","templated":true}]}}